{"id":244,"date":"2026-01-26T14:23:29","date_gmt":"2026-01-26T14:23:29","guid":{"rendered":"https:\/\/gecas.com.br\/?p=244"},"modified":"2026-01-26T14:25:09","modified_gmt":"2026-01-26T14:25:09","slug":"conheca-os-volumes-da-coletanea-cinema-e-audiovisual-em-mato-grosso","status":"publish","type":"post","link":"https:\/\/gecas.com.br\/?p=244","title":{"rendered":"Conhe\u00e7a os volumes da colet\u00e2nea &#8220;Cinema e Audiovisual em Mato Grosso"},"content":{"rendered":"\n<p>\u2018Cinema e Audiovisual em Mato Grosso\u2019 \u00e9 uma iniciativa editorial do Cineclube Coxipon\u00e9s da Universidade Federal de Mato Grosso (UFMT) em parceria com o GECAS &#8211; Grupo de Estudos em Cinemas e Audovsuais. A obra re\u00fane artigos, relatos de experi\u00eancia, an\u00e1lises, cr\u00edticas e entrevistas de pesquisadores, realizadores e coletivos que apresentam um panorama hist\u00f3rico e contempor\u00e2neo da produ\u00e7\u00e3o cinematogr\u00e1fica e audiovisual no estado.\u00a0<\/p>\n\n\n\n<p>O segundo volume j\u00e1 est\u00e1 dispon\u00edvel gratuitamente no formato ebook pelo site da Editora Paruna: <a href=\"https:\/\/paruna.com.br\/ebooks\/\">https:\/\/paruna.com.br\/ebooks\/<\/a>. Nele, os organizadores Aline Wendpap Nunes de Siqueira, Diego Baraldi de Lima, Gilson Moraes da Costa e Let\u00edcia Xavier de Lemos Capanema, membros do GECAS, reafirmam o prop\u00f3sito de fomentar o reconhecimento de iniciativas realizadas no territ\u00f3rio, e contribuir para a hist\u00f3ria e mem\u00f3ria de realizadores, entusiastas e profissionais, suas obras, experi\u00eancias e afeta\u00e7\u00f5es.\u00a0<\/p>\n\n\n\n<p>&#8220;A maturidade alcan\u00e7ada pelo cinema mato-grossense nas \u00faltimas d\u00e9cadas, al\u00e9m de impressionar, \u00e9 um fato do qual devemos nos orgulhar. A diversidade de narrativas, de propostas est\u00e9ticas, de tem\u00e1ticas e de formatos atesta, ao nosso Estado, um lugar de reconhecimento na cena cinematogr\u00e1fica nacional&#8221;, destaca o texto de apresenta\u00e7\u00e3o do segundo volume de &#8216;Cinema e Audiovisual em Mato Grosso&#8217;, afirmam os organizadores. <\/p>\n\n\n\n<figure class=\"wp-block-gallery has-nested-images columns-default is-cropped wp-block-gallery-1 is-layout-flex wp-block-gallery-is-layout-flex\">\n<figure class=\"wp-block-image size-large\"><img loading=\"lazy\" decoding=\"async\" width=\"447\" height=\"612\" data-id=\"245\" src=\"https:\/\/gecas.com.br\/wp-content\/uploads\/2026\/01\/Captura-de-Tela-2026-01-26-as-10.20.28.png\" alt=\"\" class=\"wp-image-245\" srcset=\"https:\/\/gecas.com.br\/wp-content\/uploads\/2026\/01\/Captura-de-Tela-2026-01-26-as-10.20.28.png 447w, https:\/\/gecas.com.br\/wp-content\/uploads\/2026\/01\/Captura-de-Tela-2026-01-26-as-10.20.28-219x300.png 219w\" sizes=\"auto, (max-width: 447px) 100vw, 447px\" \/><\/figure>\n\n\n\n<figure class=\"wp-block-image size-large\"><img loading=\"lazy\" decoding=\"async\" width=\"453\" height=\"614\" data-id=\"246\" src=\"https:\/\/gecas.com.br\/wp-content\/uploads\/2026\/01\/Captura-de-Tela-2026-01-26-as-10.20.46.png\" alt=\"\" class=\"wp-image-246\" srcset=\"https:\/\/gecas.com.br\/wp-content\/uploads\/2026\/01\/Captura-de-Tela-2026-01-26-as-10.20.46.png 453w, https:\/\/gecas.com.br\/wp-content\/uploads\/2026\/01\/Captura-de-Tela-2026-01-26-as-10.20.46-221x300.png 221w\" sizes=\"auto, (max-width: 453px) 100vw, 453px\" \/><\/figure>\n<\/figure>\n\n\n\n<p>Baixe os 2 volumes <a href=\"https:\/\/drive.google.com\/drive\/folders\/1RRDUJbBSmq_N2Rmwb7aVODcVfa0Qb8Oa?usp=sharing\" data-type=\"link\" data-id=\"https:\/\/drive.google.com\/drive\/folders\/1RRDUJbBSmq_N2Rmwb7aVODcVfa0Qb8Oa?usp=sharing\">clicando aqui <\/a><\/p>\n\n\n\n<p><\/p>\n","protected":false},"excerpt":{"rendered":"<p>\u2018Cinema e Audiovisual em Mato Grosso\u2019 \u00e9 uma iniciativa editorial do Cineclube Coxipon\u00e9s da Universidade Federal de Mato Grosso (UFMT) em parceria com o GECAS &#8211; Grupo de Estudos em Cinemas e Audovsuais. A obra re\u00fane artigos, relatos de experi\u00eancia, an\u00e1lises, cr\u00edticas e entrevistas de pesquisadores, realizadores e coletivos que [&hellip;]<\/p>\n","protected":false},"author":2,"featured_media":0,"comment_status":"closed","ping_status":"closed","sticky":false,"template":"","format":"standard","meta":{"footnotes":""},"categories":[1],"tags":[8,7],"class_list":["post-244","post","type-post","status-publish","format-standard","hentry","category-uncategorized","tag-cinema-e-audivisual-em-mato-grosso","tag-livro"],"_links":{"self":[{"href":"https:\/\/gecas.com.br\/index.php?rest_route=\/wp\/v2\/posts\/244","targetHints":{"allow":["GET"]}}],"collection":[{"href":"https:\/\/gecas.com.br\/index.php?rest_route=\/wp\/v2\/posts"}],"about":[{"href":"https:\/\/gecas.com.br\/index.php?rest_route=\/wp\/v2\/types\/post"}],"author":[{"embeddable":true,"href":"https:\/\/gecas.com.br\/index.php?rest_route=\/wp\/v2\/users\/2"}],"replies":[{"embeddable":true,"href":"https:\/\/gecas.com.br\/index.php?rest_route=%2Fwp%2Fv2%2Fcomments&post=244"}],"version-history":[{"count":1,"href":"https:\/\/gecas.com.br\/index.php?rest_route=\/wp\/v2\/posts\/244\/revisions"}],"predecessor-version":[{"id":247,"href":"https:\/\/gecas.com.br\/index.php?rest_route=\/wp\/v2\/posts\/244\/revisions\/247"}],"wp:attachment":[{"href":"https:\/\/gecas.com.br\/index.php?rest_route=%2Fwp%2Fv2%2Fmedia&parent=244"}],"wp:term":[{"taxonomy":"category","embeddable":true,"href":"https:\/\/gecas.com.br\/index.php?rest_route=%2Fwp%2Fv2%2Fcategories&post=244"},{"taxonomy":"post_tag","embeddable":true,"href":"https:\/\/gecas.com.br\/index.php?rest_route=%2Fwp%2Fv2%2Ftags&post=244"}],"curies":[{"name":"wp","href":"https:\/\/api.w.org\/{rel}","templated":true}]}}